{"id":11705,"date":"2026-08-26T06:24:55","date_gmt":"2026-08-26T06:24:55","guid":{"rendered":"https:\/\/www.depark.com\/?p=11705"},"modified":"2026-08-26T06:25:54","modified_gmt":"2026-08-26T06:25:54","slug":"teknoparktan-uzakdogu-atagi","status":"publish","type":"post","link":"https:\/\/www.depark.com\/en\/teknoparktan-uzakdogu-atagi\/","title":{"rendered":"Teknopark\u2019tan Uzakdo\u011fu ata\u011f\u0131"},"content":{"rendered":"<p class=\"wp-block-paragraph\">T\u00fcrkiye\u2019nin ilk sa\u011fl\u0131k ihtisas teknopark\u0131 Dokuz Eyl\u00fcl \u00dcniversitesi Teknopark\u0131 (DEPARK), \u00c7in\u2019de a\u00e7t\u0131\u011f\u0131 irtibat ofisiyle T\u00fcrk teknoloji giri\u015fimlerinin \u00c7in ba\u015fta olmak \u00fczere Uzakdo\u011fu pazar\u0131na eri\u015fimini kolayla\u015ft\u0131rmay\u0131 ama\u00e7l\u0131yor<\/p>\n\n\n\n<p class=\"wp-block-paragraph\">SANAY\u0130 ve Teknoloji Bakanl\u0131\u011f\u0131\u2019n\u0131n deste\u011fiyle 2013\u2019te sa\u011fl\u0131k alan\u0131nda yeni projelere ve i\u015f birliklerine a\u00e7\u0131k, inovasyon vizyonu \u00fczerine kurulan DEPARK\u2019ta 120\u2019si Ar-Ge, 40\u2019\u0131 kulu\u00e7ka \u015firketi olmak \u00fczere toplam 160 firma yer al\u0131yor. DEPARK, uluslararas\u0131la\u015fma vizyonu do\u011frultusunda \u00c7in\u2019in Chengdu kentindeki teknoloji park\u0131 Jinniu District AI Park\u2019ta irtibat ofisi a\u00e7t\u0131. Ofisin \u00c7in\u2019le s\u00fcrd\u00fcr\u00fclebilir inovasyon ortakl\u0131klar\u0131n\u0131n geli\u015ftirilmesine katk\u0131 sa\u011flamas\u0131 hedefleniyor.<\/p>\n\n\n\n<p class=\"wp-block-paragraph\"><strong>\u0130LK YARIDA 40 M\u0130LYON $<\/strong><\/p>\n\n\n\n<p class=\"wp-block-paragraph\">DEPARK Genel M\u00fcd\u00fcr\u00fc Prof. Dr. Zeki At\u0131l Bulut, b\u00f6lgedeki firmalar\u0131n y\u0131l\u0131n ilk yar\u0131s\u0131nda 40 milyon dolara yak\u0131n bir ihracat geliri, 2 milyar liraya yak\u0131n Ar-Ge geliri elde etti\u011fini s\u00f6yledi. \u0130hracat\u0131n daha \u00e7ok Avrupa \u00fclkelerine oldu\u011funu, ancak Uzakdo\u011fu pazar\u0131n\u0131 da \u00e7ok \u00f6nemsediklerini belirten Prof. Dr. Bulut, \u015funlar\u0131 kaydetti: \u201cUzakdo\u011fu\u2019da T\u00fcrkiye\u2019deki teknoparklar aras\u0131nda bir ilk olarak irtibat ofisimizi a\u00e7mak istedik. Dijitalle\u015fme ve yapay zek\u00e2 teknolojilerinde \u00c7in\u2019deki f\u0131rsatlarla T\u00fcrkiye\u2019deki giri\u015fimcilerin yakalayabilece\u011fi f\u0131rsatlar\u0131 bir araya getirmeye \u00e7al\u0131\u015f\u0131yoruz. Uzakdo\u011fu pazar\u0131nda ya\u015fanan geli\u015fmelerden T\u00fcrkiye\u2019deki giri\u015fimcilerin faydalanabilmesi hem de stratejik i\u015f ortakl\u0131klar\u0131 ve tedarik\u00e7i, m\u00fc\u015fteri, pazar\u0131 geli\u015ftirme boyutunda yapabilecekleri i\u015f birlikleri i\u00e7in oradaki f\u0131rsatlar\u0131 de\u011ferlendirme y\u00f6n\u00fcnde onlar\u0131 desteklemeye \u00e7al\u0131\u015f\u0131yoruz.\u201d<\/p>\n\n\n\n<p class=\"wp-block-paragraph\"><strong>KAR\u015eILIKLI \u0130\u015e B\u0130RL\u0130\u011e\u0130<\/strong><\/p>\n\n\n\n<p class=\"wp-block-paragraph\">Prof. Dr. Zeki At\u0131l Bulut, \u00c7in\u2019deki teknoparkla ge\u00e7ti\u011fimiz ay i\u015f birli\u011fi anla\u015fmas\u0131 imzalad\u0131klar\u0131n\u0131, \u00e7al\u0131\u015fmalar\u0131n kar\u015f\u0131l\u0131kl\u0131 olarak ba\u015flad\u0131\u011f\u0131n\u0131 aktararak, a\u00e7\u0131lan irtibat ofisi sayesinde \u00c7in pazar\u0131na girmek isteyen T\u00fcrk firmalar\u0131na destek olduklar\u0131n\u0131 dile getirdi. Avrupa pazar\u0131na a\u00e7\u0131lmak isteyen \u00c7in firmalar\u0131 i\u00e7in T\u00fcrkiye\u2019deki startuplar\u0131 (giri\u015fimleri) ve Ar-Ge ekosistemini \u00f6nemli bir payda\u015f haline getirmeye \u00e7al\u0131\u015ft\u0131klar\u0131n\u0131 ifade eden Prof. Dr. Bulut, \u201cHem firmalar\u0131m\u0131z\u0131n \u00c7in\u2019de potansiyel m\u00fc\u015fterilere ula\u015fabilmesi i\u00e7in onlara pazar f\u0131rsatlar\u0131 tan\u0131m\u0131\u015f oluyoruz hem de Avrupa ve Amerika pazar\u0131na a\u00e7\u0131lacak \u00c7in firmalar\u0131yla i\u015f birlikleri yaparak buradaki i\u015f potansiyellerini geli\u015ftirmeye \u00e7al\u0131\u015f\u0131yoruz\u201d diye konu\u015ftu.<\/p>\n\n\n\n<p class=\"wp-block-paragraph\"><strong>D\u0130L BAR\u0130YER\u0130 KALKTI<\/strong><\/p>\n\n\n\n<p class=\"wp-block-paragraph\">Prof. Dr. Zeki At\u0131l Bulut,&nbsp;<a href=\"https:\/\/www.hurriyet.com.tr\/haberleri\/depark\" target=\"_blank\" rel=\"noreferrer noopener\">DEPARK<\/a>&nbsp;b\u00fcnyesinde&nbsp;<a href=\"https:\/\/www.hurriyet.com.tr\/haberleri\/dijitallesme\" target=\"_blank\" rel=\"noreferrer noopener\">dijitalle\u015fme<\/a>&nbsp;ve yapay zek\u00e2 konusunda \u00e7al\u0131\u015fma yapan \u015firketlerin \u00c7in pazar\u0131na girmek i\u00e7in u\u011fra\u015ft\u0131\u011f\u0131n\u0131, bu y\u0131l en az 10 \u015firketi \u00c7in\u2019deki irtibat ofisi sayesinde oradaki firmalarla bulu\u015fturmak istediklerini payla\u015farak, \u201c2027\u2019den itibaren en az 10 milyon dolar civar\u0131nda bir b\u00fct\u00e7eyi ve&nbsp;<a href=\"https:\/\/www.hurriyet.com.tr\/haberleri\/ihracat\" target=\"_blank\" rel=\"noreferrer noopener\">ihracat<\/a>&nbsp;rakam\u0131n\u0131 bu i\u015f birlikleri kapsam\u0131nda yakalamay\u0131 hedefliyoruz. Firmalar\u0131 gerek \u00e7evrim i\u00e7i gerek y\u00fcz y\u00fcze etkinliklerle bir araya getiriyoruz. Bizim temsilcimiz arac\u0131l\u0131\u011f\u0131yla dil alan\u0131ndaki bariyerleri ortadan kald\u0131rm\u0131\u015f oluyoruz\u201d dedi.<\/p>","protected":false},"excerpt":{"rendered":"<p>T\u00fcrkiye\u2019nin ilk sa\u011fl\u0131k ihtisas teknopark\u0131 Dokuz Eyl\u00fcl \u00dcniversitesi Teknopark\u0131 (DEPARK), \u00c7in\u2019de a\u00e7t\u0131\u011f\u0131 irtibat ofisiyle T\u00fcrk teknoloji giri\u015fimlerinin \u00c7in ba\u015fta olmak \u00fczere Uzakdo\u011fu pazar\u0131na eri\u015fimini kolayla\u015ft\u0131rmay\u0131 ama\u00e7l\u0131yor SANAY\u0130 ve Teknoloji Bakanl\u0131\u011f\u0131\u2019n\u0131n deste\u011fiyle 2013\u2019te sa\u011fl\u0131k alan\u0131nda yeni projelere ve i\u015f birliklerine a\u00e7\u0131k, inovasyon vizyonu \u00fczerine kurulan DEPARK\u2019ta 120\u2019si Ar-Ge, 40\u2019\u0131 kulu\u00e7ka \u015firketi olmak \u00fczere toplam 160 firma yer al\u0131yor. DEPARK, uluslararas\u0131la\u015fma vizyonu do\u011frultusunda \u00c7in\u2019in Chengdu kentindeki teknoloji park\u0131 Jinniu District AI Park\u2019ta irtibat ofisi a\u00e7t\u0131. Ofisin \u00c7in\u2019le s\u00fcrd\u00fcr\u00fclebilir inovasyon ortakl\u0131klar\u0131n\u0131n geli\u015ftirilmesine katk\u0131 sa\u011flamas\u0131 hedefleniyor. \u0130LK YARIDA 40 M\u0130LYON $ DEPARK Genel M\u00fcd\u00fcr\u00fc Prof. Dr. Zeki At\u0131l Bulut, b\u00f6lgedeki firmalar\u0131n y\u0131l\u0131n ilk yar\u0131s\u0131nda 40 milyon dolara yak\u0131n bir ihracat geliri, 2 milyar liraya yak\u0131n Ar-Ge geliri elde etti\u011fini s\u00f6yledi. \u0130hracat\u0131n daha \u00e7ok Avrupa \u00fclkelerine oldu\u011funu, ancak Uzakdo\u011fu pazar\u0131n\u0131 da \u00e7ok \u00f6nemsediklerini belirten Prof. Dr. Bulut, \u015funlar\u0131 kaydetti: \u201cUzakdo\u011fu\u2019da T\u00fcrkiye\u2019deki teknoparklar aras\u0131nda bir ilk olarak irtibat ofisimizi a\u00e7mak istedik. Dijitalle\u015fme ve yapay zek\u00e2 teknolojilerinde \u00c7in\u2019deki f\u0131rsatlarla T\u00fcrkiye\u2019deki giri\u015fimcilerin yakalayabilece\u011fi f\u0131rsatlar\u0131 bir araya getirmeye \u00e7al\u0131\u015f\u0131yoruz. Uzakdo\u011fu pazar\u0131nda ya\u015fanan geli\u015fmelerden T\u00fcrkiye\u2019deki giri\u015fimcilerin faydalanabilmesi hem de stratejik i\u015f ortakl\u0131klar\u0131 ve tedarik\u00e7i, m\u00fc\u015fteri, pazar\u0131 geli\u015ftirme boyutunda yapabilecekleri i\u015f birlikleri i\u00e7in oradaki f\u0131rsatlar\u0131 de\u011ferlendirme y\u00f6n\u00fcnde onlar\u0131 desteklemeye \u00e7al\u0131\u015f\u0131yoruz.\u201d KAR\u015eILIKLI \u0130\u015e B\u0130RL\u0130\u011e\u0130 Prof. Dr. Zeki At\u0131l Bulut, \u00c7in\u2019deki teknoparkla ge\u00e7ti\u011fimiz ay i\u015f birli\u011fi anla\u015fmas\u0131 imzalad\u0131klar\u0131n\u0131, \u00e7al\u0131\u015fmalar\u0131n kar\u015f\u0131l\u0131kl\u0131 olarak ba\u015flad\u0131\u011f\u0131n\u0131 aktararak, a\u00e7\u0131lan irtibat ofisi sayesinde \u00c7in pazar\u0131na girmek isteyen T\u00fcrk firmalar\u0131na destek olduklar\u0131n\u0131 dile getirdi. Avrupa pazar\u0131na a\u00e7\u0131lmak isteyen \u00c7in firmalar\u0131 i\u00e7in T\u00fcrkiye\u2019deki startuplar\u0131 (giri\u015fimleri) ve Ar-Ge ekosistemini \u00f6nemli bir payda\u015f haline getirmeye \u00e7al\u0131\u015ft\u0131klar\u0131n\u0131 ifade eden Prof. Dr. Bulut, \u201cHem firmalar\u0131m\u0131z\u0131n \u00c7in\u2019de potansiyel m\u00fc\u015fterilere ula\u015fabilmesi i\u00e7in onlara pazar f\u0131rsatlar\u0131 tan\u0131m\u0131\u015f oluyoruz hem de Avrupa ve Amerika pazar\u0131na a\u00e7\u0131lacak \u00c7in firmalar\u0131yla i\u015f birlikleri yaparak buradaki i\u015f potansiyellerini geli\u015ftirmeye \u00e7al\u0131\u015f\u0131yoruz\u201d diye konu\u015ftu. D\u0130L BAR\u0130YER\u0130 KALKTI Prof. Dr. Zeki At\u0131l Bulut,&nbsp;DEPARK&nbsp;b\u00fcnyesinde&nbsp;dijitalle\u015fme&nbsp;ve yapay zek\u00e2 konusunda \u00e7al\u0131\u015fma yapan \u015firketlerin \u00c7in pazar\u0131na girmek i\u00e7in u\u011fra\u015ft\u0131\u011f\u0131n\u0131, bu y\u0131l en az 10 \u015firketi \u00c7in\u2019deki irtibat ofisi sayesinde oradaki firmalarla bulu\u015fturmak istediklerini payla\u015farak, \u201c2027\u2019den itibaren en az 10 milyon dolar civar\u0131nda bir b\u00fct\u00e7eyi ve&nbsp;ihracat&nbsp;rakam\u0131n\u0131 bu i\u015f birlikleri kapsam\u0131nda yakalamay\u0131 hedefliyoruz. Firmalar\u0131 gerek \u00e7evrim i\u00e7i gerek y\u00fcz y\u00fcze etkinliklerle bir araya getiriyoruz. Bizim temsilcimiz arac\u0131l\u0131\u011f\u0131yla dil alan\u0131ndaki bariyerleri ortadan kald\u0131rm\u0131\u015f oluyoruz\u201d dedi.<\/p>","protected":false},"author":4,"featured_media":11707,"comment_status":"closed","ping_status":"open","sticky":false,"template":"elementor_header_footer","format":"standard","meta":{"_acf_changed":false,"pagelayer_contact_templates":[],"_pagelayer_content":"","_monsterinsights_skip_tracking":false,"footnotes":""},"categories":[66],"tags":[],"class_list":["post-11705","post","type-post","status-publish","format-standard","has-post-thumbnail","hentry","category-basinda-biz"],"acf":[],"_links":{"self":[{"href":"https:\/\/www.depark.com\/en\/wp-json\/wp\/v2\/posts\/11705","targetHints":{"allow":["GET"]}}],"collection":[{"href":"https:\/\/www.depark.com\/en\/wp-json\/wp\/v2\/posts"}],"about":[{"href":"https:\/\/www.depark.com\/en\/wp-json\/wp\/v2\/types\/post"}],"author":[{"embeddable":true,"href":"https:\/\/www.depark.com\/en\/wp-json\/wp\/v2\/users\/4"}],"replies":[{"embeddable":true,"href":"https:\/\/www.depark.com\/en\/wp-json\/wp\/v2\/comments?post=11705"}],"version-history":[{"count":1,"href":"https:\/\/www.depark.com\/en\/wp-json\/wp\/v2\/posts\/11705\/revisions"}],"predecessor-version":[{"id":11711,"href":"https:\/\/www.depark.com\/en\/wp-json\/wp\/v2\/posts\/11705\/revisions\/11711"}],"wp:featuredmedia":[{"embeddable":true,"href":"https:\/\/www.depark.com\/en\/wp-json\/wp\/v2\/media\/11707"}],"wp:attachment":[{"href":"https:\/\/www.depark.com\/en\/wp-json\/wp\/v2\/media?parent=11705"}],"wp:term":[{"taxonomy":"category","embeddable":true,"href":"https:\/\/www.depark.com\/en\/wp-json\/wp\/v2\/categories?post=11705"},{"taxonomy":"post_tag","embeddable":true,"href":"https:\/\/www.depark.com\/en\/wp-json\/wp\/v2\/tags?post=11705"}],"curies":[{"name":"wp","href":"https:\/\/api.w.org\/{rel}","templated":true}]}}