{"id":11756,"date":"2026-09-02T12:05:35","date_gmt":"2026-09-02T12:05:35","guid":{"rendered":"https:\/\/www.depark.com\/?p=11756"},"modified":"2026-09-02T14:10:51","modified_gmt":"2026-09-02T14:10:51","slug":"gitex-ai-turkiye-2026","status":"publish","type":"post","link":"https:\/\/www.depark.com\/en\/gitex-ai-turkiye-2026\/","title":{"rendered":"GITEX Ai T\u00dcRK\u0130YE 2026"},"content":{"rendered":"<p class=\"wp-block-paragraph\"><a href=\"http:\/\/www.gitexturkiye.com\/\">GITEX Ai T\u00fcrkiye<\/a>, d\u00fcnyan\u0131n en g\u00fcvenilir k\u00fcresel teknoloji ve giri\u015fimcilik ekosistemi olan <strong>GITEX\u2019in<\/strong> T\u00fcrkiye\u2019deki ilk edisyonu olarak, <strong>9\u201310 Eyl\u00fcl 2026 tarihlerinde \u0130stanbul Fuar Merkezi\u2019nde<\/strong> ger\u00e7ekle\u015fiyor. T\u00fcrkiye Cumhuriyeti Cumhurba\u015fkanl\u0131\u011f\u0131 Yat\u0131r\u0131m ve Finans Ofisi ev sahipli\u011finde ve Sanayi ve Teknoloji Bakanl\u0131\u011f\u0131 destekleri ile d\u00fczenlenen fuar; yapay zek\u00e2dan siber g\u00fcvenli\u011fe, fintech\u2019ten e-ticarete, veri merkezlerinden dijital yat\u0131r\u0131ma kadar gelece\u011fi \u015fekillendiren teknolojileri ke\u015ffetmek \u00fczere d\u00fcnyan\u0131n d\u00f6rt bir yan\u0131ndan teknoloji liderlerini, yat\u0131r\u0131mc\u0131lar\u0131, giri\u015fimleri ve kamu temsilcilerini bir araya getirecek.<\/p>\n\n\n\n<p class=\"wp-block-paragraph\"><strong>500+ kat\u0131l\u0131mc\u0131 firma, 150+ konu\u015fmac\u0131 ve 70\u2019ten fazla \u00fclkeden kat\u0131l\u0131m<\/strong> ile GITEX Ai T\u00fcrkiye, Avrasya\u2019n\u0131n en iddial\u0131 teknoloji bulu\u015fmalar\u0131ndan biri olmaya haz\u0131rlan\u0131yor. Etkinlik; inovasyonun, sermayenin ve giri\u015fimin kesi\u015fim noktas\u0131 olarak T\u00fcrkiye\u2019nin k\u00fcresel AI ekosistemindeki y\u00fckselen rol\u00fcn\u00fc g\u00fc\u00e7lendirecek.<\/p>\n\n\n\n<p class=\"wp-block-paragraph\">DEPARK da GITEX Ai T\u00fcrkiye 2026\u2019n\u0131n ekosistem payda\u015flar\u0131 aras\u0131nda yer alarak; teknoloji, giri\u015fimcilik ve inovasyon odakl\u0131 bu k\u00fcresel bulu\u015fman\u0131n bir par\u00e7as\u0131 oluyor.<\/p>\n\n\n\n<p class=\"wp-block-paragraph\">\u0130stanbul\u2019da ger\u00e7ekle\u015fecek bu e\u015fsiz bulu\u015fmada, teknolojinin gelece\u011fine y\u00f6n veren akt\u00f6rlerle birlikte yerinizi al\u0131n.<\/p>\n\n\n\n<p class=\"wp-block-paragraph\"><strong>Daha fazla bilgi:<\/strong> <a href=\"http:\/\/www.gitexturkiye.com\/\">www.gitexturkiye.com<\/a><\/p>\n\n\n\n<p class=\"wp-block-paragraph\"><strong>Faydal\u0131 Linkler<\/strong>\u2028\u25cf <a href=\"https:\/\/www.youtube.com\/watch?v=L8so20s_PnY\">GITEX Ai T\u00fcrkiye 2026 Video Trailer<\/a><\/p>\n\n\n\n<p class=\"wp-block-paragraph\"><strong>Ba\u015fvuru Formlar\u0131<\/strong>:<\/p>\n\n\n\n<p class=\"wp-block-paragraph\">\u25cf <a href=\"https:\/\/event.gitexturkiye.com\/GTR2026-enterprise-enquiry-2026?utm_source=partners&amp;utm_medium=communitypartner&amp;utm_campaign=20260415-gitexaiturkiye26-media-partners\">Stand Rezervasyon Formu &#8211; Kurumsal\u2028<\/a><\/p>\n\n\n\n<p class=\"wp-block-paragraph\">\u25cf <a href=\"https:\/\/event.gitexturkiye.com\/GTR2026-startup-enquiry?utm_source=partners&amp;utm_medium=communitypartner&amp;utm_campaign=20260415-gitexaiturkiye26-media-partners\">Stand Rezervasyon Formu &#8211; Girisimler\u2028<\/a><\/p>\n\n\n\n<p class=\"wp-block-paragraph\">\u25cf <a href=\"https:\/\/tinyurl.com\/yue66kwc\">Ziyaretci Kayit Formu<\/a><\/p>\n\n\n\n<p class=\"wp-block-paragraph\"><strong>Sosyal Medya<\/strong>\u2028\u25cf <a href=\"https:\/\/www.linkedin.com\/company\/gitex-t%C3%BCrkiye\/?\">LinkedIn<\/a> \u25cf <a href=\"https:\/\/www.instagram.com\/gitex_turkiye\/\">Instagram<\/a> \u25cf <a href=\"https:\/\/www.facebook.com\/people\/GITEX-T%C3%BCrkiye\/61581518233324\/\">Facebook<\/a> \u25cf <a href=\"https:\/\/www.youtube.com\/@GITEX_T%C3%BCrkiye\">YouTube<\/a><\/p>","protected":false},"excerpt":{"rendered":"<p>GITEX Ai T\u00fcrkiye, d\u00fcnyan\u0131n en g\u00fcvenilir k\u00fcresel teknoloji ve giri\u015fimcilik ekosistemi olan GITEX\u2019in T\u00fcrkiye\u2019deki ilk edisyonu olarak, 9\u201310 Eyl\u00fcl 2026 tarihlerinde \u0130stanbul Fuar Merkezi\u2019nde ger\u00e7ekle\u015fiyor. T\u00fcrkiye Cumhuriyeti Cumhurba\u015fkanl\u0131\u011f\u0131 Yat\u0131r\u0131m ve Finans Ofisi ev sahipli\u011finde ve Sanayi ve Teknoloji Bakanl\u0131\u011f\u0131 destekleri ile d\u00fczenlenen fuar; yapay zek\u00e2dan siber g\u00fcvenli\u011fe, fintech\u2019ten e-ticarete, veri merkezlerinden dijital yat\u0131r\u0131ma kadar gelece\u011fi \u015fekillendiren teknolojileri ke\u015ffetmek \u00fczere d\u00fcnyan\u0131n d\u00f6rt bir yan\u0131ndan teknoloji liderlerini, yat\u0131r\u0131mc\u0131lar\u0131, giri\u015fimleri ve kamu temsilcilerini bir araya getirecek. 500+ kat\u0131l\u0131mc\u0131 firma, 150+ konu\u015fmac\u0131 ve 70\u2019ten fazla \u00fclkeden kat\u0131l\u0131m ile GITEX Ai T\u00fcrkiye, Avrasya\u2019n\u0131n en iddial\u0131 teknoloji bulu\u015fmalar\u0131ndan biri olmaya haz\u0131rlan\u0131yor. Etkinlik; inovasyonun, sermayenin ve giri\u015fimin kesi\u015fim noktas\u0131 olarak T\u00fcrkiye\u2019nin k\u00fcresel AI ekosistemindeki y\u00fckselen rol\u00fcn\u00fc g\u00fc\u00e7lendirecek. DEPARK da GITEX Ai T\u00fcrkiye 2026\u2019n\u0131n ekosistem payda\u015flar\u0131 aras\u0131nda yer alarak; teknoloji, giri\u015fimcilik ve inovasyon odakl\u0131 bu k\u00fcresel bulu\u015fman\u0131n bir par\u00e7as\u0131 oluyor. \u0130stanbul\u2019da ger\u00e7ekle\u015fecek bu e\u015fsiz bulu\u015fmada, teknolojinin gelece\u011fine y\u00f6n veren akt\u00f6rlerle birlikte yerinizi al\u0131n. Daha fazla bilgi: www.gitexturkiye.com Faydal\u0131 Linkler\u2028\u25cf GITEX Ai T\u00fcrkiye 2026 Video Trailer Ba\u015fvuru Formlar\u0131: \u25cf Stand Rezervasyon Formu &#8211; Kurumsal\u2028 \u25cf Stand Rezervasyon Formu &#8211; Girisimler\u2028 \u25cf Ziyaretci Kayit Formu Sosyal Medya\u2028\u25cf LinkedIn \u25cf Instagram \u25cf Facebook \u25cf YouTube<\/p>","protected":false},"author":4,"featured_media":11757,"comment_status":"closed","ping_status":"open","sticky":false,"template":"","format":"standard","meta":{"_acf_changed":false,"pagelayer_contact_templates":[],"_pagelayer_content":"","_monsterinsights_skip_tracking":false,"footnotes":""},"categories":[52,65],"tags":[],"class_list":["post-11756","post","type-post","status-publish","format-standard","has-post-thumbnail","hentry","category-duyurular","category-haberler-ve-duyurular"],"acf":[],"_links":{"self":[{"href":"https:\/\/www.depark.com\/en\/wp-json\/wp\/v2\/posts\/11756","targetHints":{"allow":["GET"]}}],"collection":[{"href":"https:\/\/www.depark.com\/en\/wp-json\/wp\/v2\/posts"}],"about":[{"href":"https:\/\/www.depark.com\/en\/wp-json\/wp\/v2\/types\/post"}],"author":[{"embeddable":true,"href":"https:\/\/www.depark.com\/en\/wp-json\/wp\/v2\/users\/4"}],"replies":[{"embeddable":true,"href":"https:\/\/www.depark.com\/en\/wp-json\/wp\/v2\/comments?post=11756"}],"version-history":[{"count":2,"href":"https:\/\/www.depark.com\/en\/wp-json\/wp\/v2\/posts\/11756\/revisions"}],"predecessor-version":[{"id":11763,"href":"https:\/\/www.depark.com\/en\/wp-json\/wp\/v2\/posts\/11756\/revisions\/11763"}],"wp:featuredmedia":[{"embeddable":true,"href":"https:\/\/www.depark.com\/en\/wp-json\/wp\/v2\/media\/11757"}],"wp:attachment":[{"href":"https:\/\/www.depark.com\/en\/wp-json\/wp\/v2\/media?parent=11756"}],"wp:term":[{"taxonomy":"category","embeddable":true,"href":"https:\/\/www.depark.com\/en\/wp-json\/wp\/v2\/categories?post=11756"},{"taxonomy":"post_tag","embeddable":true,"href":"https:\/\/www.depark.com\/en\/wp-json\/wp\/v2\/tags?post=11756"}],"curies":[{"name":"wp","href":"https:\/\/api.w.org\/{rel}","templated":true}]}}