{"id":2533,"date":"2024-11-08T06:12:02","date_gmt":"2024-11-08T06:12:02","guid":{"rendered":"https:\/\/www.depark.com\/?p=2533"},"modified":"2025-08-12T19:02:39","modified_gmt":"2025-08-12T19:02:39","slug":"2024-yili-teknik-destek-programi","status":"publish","type":"post","link":"https:\/\/www.depark.com\/en\/2024-yili-teknik-destek-programi\/","title":{"rendered":"2024 YILI TEKN\u0130K DESTEK PROGRAMI"},"content":{"rendered":"<div data-elementor-type=\"wp-post\" data-elementor-id=\"2533\" class=\"elementor elementor-2533\">\n\t\t\t\t\t\t<section class=\"elementor-section elementor-top-section elementor-element elementor-element-6318334e elementor-section-stretched elementor-section-boxed elementor-section-height-default elementor-section-height-default wpr-particle-no wpr-jarallax-no wpr-parallax-no wpr-sticky-section-no wpr-column-slider-no wpr-equal-height-no\" data-id=\"6318334e\" data-element_type=\"section\" data-settings=\"{&quot;stretch_section&quot;:&quot;section-stretched&quot;}\">\n\t\t\t\t\t\t<div class=\"elementor-container elementor-column-gap-default\">\n\t\t\t\t\t<div class=\"elementor-column elementor-col-100 elementor-top-column elementor-element elementor-element-236bb926\" data-id=\"236bb926\" data-element_type=\"column\">\n\t\t\t<div class=\"elementor-widget-wrap elementor-element-populated\">\n\t\t\t\t\t\t<div class=\"elementor-element elementor-element-49b9a955 elementor-widget elementor-widget-text-editor\" data-id=\"49b9a955\" data-element_type=\"widget\" data-widget_type=\"text-editor.default\">\n\t\t\t\t\t\t\t\t\t<div class=\"wpb_text_column wpb_content_element\">\r\n<div class=\"wpb_wrapper\">\r\n\r\n<strong>2024 Y\u0131l\u0131 Sanayide Ye\u015fil D\u00f6n\u00fc\u015f\u00fcm Teknik Destek Program\u0131<\/strong>\r\n\r\nBu program\u0131n amac\u0131 sanayi \u00fcretiminde i\u015fletmelerin ye\u015fil d\u00f6n\u00fc\u015f\u00fcm kapasitesinin geli\u015ftirilmesidir.\r\n\r\n7 Ekim \u2013 6 Aral\u0131k 2024 tarihleri aras\u0131nda ba\u015fvurular\u0131 al\u0131nacak olan program\u0131n b\u00fct\u00e7esi 7 milyon TL, proje ba\u015f\u0131na azami destek ise 600 bin TL\u2019dir.\r\n\r\n<\/div>\r\n<\/div>\r\n<div class=\"vc_empty_space\"><\/div>\r\n<div class=\"wpb_text_column wpb_content_element\">\r\n<div class=\"wpb_wrapper\">\r\n\r\n<a href=\"https:\/\/izka.org.tr\/wp-content\/uploads\/2024\/10\/Sanayide-Yesil-Donusum.pdf\" target=\"_blank\" rel=\"noopener\">BA\u015eVURU REHBER\u0130 \u0130\u00c7\u0130N TIKLAYINIZ \u2192<\/a>\r\n\r\n<\/div>\r\n<\/div>\r\n<div class=\"vc_empty_space\"><\/div>\r\n<div class=\"wpb_text_column wpb_content_element\">\r\n<div class=\"wpb_wrapper\">\r\n\r\n<strong>2024 Y\u0131l\u0131 Kentsel ve Mek\u00e2nsal \u00c7al\u0131\u015fmalar Teknik Destek Program\u0131<\/strong>\r\n\r\nBu program\u0131n amac\u0131 \u0130zmir\u2019de mek\u00e2nsal planlama alan\u0131nda kapasitenin geli\u015ftirilmesi, mek\u00e2nsal planlama s\u00fcre\u00e7 ve uygulamalar\u0131n\u0131 g\u00fc\u00e7lendirecek \u00e7al\u0131\u015fmalar\u0131n haz\u0131rlanmas\u0131d\u0131r.\r\n\r\n7 Ekim \u2013 6 Aral\u0131k 2024 tarihleri aras\u0131nda ba\u015fvurular\u0131 al\u0131nacak olan program\u0131n b\u00fct\u00e7esi 4 milyon TL, proje ba\u015f\u0131na azami destek ise 600 bin TL\u2019dir.\r\n\r\n<\/div>\r\n<\/div>\r\n<div class=\"vc_empty_space\"><\/div>\r\n<div class=\"wpb_text_column wpb_content_element\">\r\n<div class=\"wpb_wrapper\">\r\n\r\n<a href=\"https:\/\/izka.org.tr\/wp-content\/uploads\/2024\/10\/Kentsel-ve-Mekansal-Calismalar-Teknik-Destek-Porgrami_V5.pdf\" target=\"_blank\" rel=\"noopener\">BA\u015eVURU REHBER\u0130 \u0130\u00c7\u0130N TIKLAYINIZ \u2192<\/a>\r\n\r\n<\/div>\r\n<\/div>\t\t\t\t\t\t\t\t<\/div>\n\t\t\t\t\t<\/div>\n\t\t<\/div>\n\t\t\t\t\t<\/div>\n\t\t<\/section>\n\t\t\t\t<\/div>","protected":false},"excerpt":{"rendered":"<p>2024 Y\u0131l\u0131 Sanayide Ye\u015fil D\u00f6n\u00fc\u015f\u00fcm Teknik Destek Program\u0131 Bu program\u0131n amac\u0131 sanayi \u00fcretiminde i\u015fletmelerin ye\u015fil d\u00f6n\u00fc\u015f\u00fcm kapasitesinin geli\u015ftirilmesidir. 7 Ekim \u2013 6 Aral\u0131k 2024 tarihleri aras\u0131nda ba\u015fvurular\u0131 al\u0131nacak olan program\u0131n b\u00fct\u00e7esi 7 milyon TL, proje ba\u015f\u0131na azami destek ise 600 bin TL\u2019dir. BA\u015eVURU REHBER\u0130 \u0130\u00c7\u0130N TIKLAYINIZ \u2192 2024 Y\u0131l\u0131 Kentsel ve Mek\u00e2nsal \u00c7al\u0131\u015fmalar Teknik Destek Program\u0131 Bu program\u0131n amac\u0131 \u0130zmir\u2019de mek\u00e2nsal planlama alan\u0131nda kapasitenin geli\u015ftirilmesi, mek\u00e2nsal planlama s\u00fcre\u00e7 ve uygulamalar\u0131n\u0131 g\u00fc\u00e7lendirecek \u00e7al\u0131\u015fmalar\u0131n haz\u0131rlanmas\u0131d\u0131r. 7 Ekim \u2013 6 Aral\u0131k 2024 tarihleri aras\u0131nda ba\u015fvurular\u0131 al\u0131nacak olan program\u0131n b\u00fct\u00e7esi 4 milyon TL, proje ba\u015f\u0131na azami destek ise 600 bin TL\u2019dir. BA\u015eVURU REHBER\u0130 \u0130\u00c7\u0130N TIKLAYINIZ \u2192<\/p>","protected":false},"author":3,"featured_media":4596,"comment_status":"closed","ping_status":"closed","sticky":false,"template":"","format":"standard","meta":{"_acf_changed":false,"pagelayer_contact_templates":[],"_pagelayer_content":"","_monsterinsights_skip_tracking":false,"footnotes":""},"categories":[65],"tags":[],"class_list":["post-2533","post","type-post","status-publish","format-standard","has-post-thumbnail","hentry","category-haberler-ve-duyurular"],"acf":[],"_links":{"self":[{"href":"https:\/\/www.depark.com\/en\/wp-json\/wp\/v2\/posts\/2533","targetHints":{"allow":["GET"]}}],"collection":[{"href":"https:\/\/www.depark.com\/en\/wp-json\/wp\/v2\/posts"}],"about":[{"href":"https:\/\/www.depark.com\/en\/wp-json\/wp\/v2\/types\/post"}],"author":[{"embeddable":true,"href":"https:\/\/www.depark.com\/en\/wp-json\/wp\/v2\/users\/3"}],"replies":[{"embeddable":true,"href":"https:\/\/www.depark.com\/en\/wp-json\/wp\/v2\/comments?post=2533"}],"version-history":[{"count":1,"href":"https:\/\/www.depark.com\/en\/wp-json\/wp\/v2\/posts\/2533\/revisions"}],"predecessor-version":[{"id":4616,"href":"https:\/\/www.depark.com\/en\/wp-json\/wp\/v2\/posts\/2533\/revisions\/4616"}],"wp:featuredmedia":[{"embeddable":true,"href":"https:\/\/www.depark.com\/en\/wp-json\/wp\/v2\/media\/4596"}],"wp:attachment":[{"href":"https:\/\/www.depark.com\/en\/wp-json\/wp\/v2\/media?parent=2533"}],"wp:term":[{"taxonomy":"category","embeddable":true,"href":"https:\/\/www.depark.com\/en\/wp-json\/wp\/v2\/categories?post=2533"},{"taxonomy":"post_tag","embeddable":true,"href":"https:\/\/www.depark.com\/en\/wp-json\/wp\/v2\/tags?post=2533"}],"curies":[{"name":"wp","href":"https:\/\/api.w.org\/{rel}","templated":true}]}}