{"id":5942,"date":"2025-08-21T07:57:05","date_gmt":"2025-08-21T07:57:05","guid":{"rendered":"https:\/\/www.depark.com\/?p=5942"},"modified":"2026-08-04T05:20:56","modified_gmt":"2026-08-04T05:20:56","slug":"siskonun-depark-ekosistemindeki-yolculugu","status":"publish","type":"post","link":"https:\/\/www.depark.com\/en\/siskonun-depark-ekosistemindeki-yolculugu\/","title":{"rendered":"SISKON\u2019S JOURNEY IN THE DEPARK ECOSYSTEM"},"content":{"rendered":"<div data-elementor-type=\"wp-post\" data-elementor-id=\"5942\" class=\"elementor elementor-5942\">\n\t\t\t\t<div class=\"elementor-element elementor-element-80f674c e-flex e-con-boxed wpr-particle-no wpr-jarallax-no wpr-parallax-no wpr-sticky-section-no wpr-column-slider-no wpr-equal-height-no e-con e-parent\" data-id=\"80f674c\" data-element_type=\"container\">\n\t\t\t\t\t<div class=\"e-con-inner\">\n\t\t\t\t<div class=\"elementor-element elementor-element-530ee71 elementor-widget elementor-widget-image\" data-id=\"530ee71\" data-element_type=\"widget\" data-widget_type=\"image.default\">\n\t\t\t\t\t\t\t\t\t\t\t\t\t\t\t<img fetchpriority=\"high\" decoding=\"async\" width=\"600\" height=\"120\" src=\"https:\/\/www.depark.com\/wp-content\/uploads\/2025\/08\/siskon_logo_resized_600x120-1.png\" class=\"attachment-full size-full wp-image-6009\" alt=\"\" srcset=\"https:\/\/www.depark.com\/wp-content\/uploads\/2025\/08\/siskon_logo_resized_600x120-1.png 600w, https:\/\/www.depark.com\/wp-content\/uploads\/2025\/08\/siskon_logo_resized_600x120-1-570x114.png 570w, https:\/\/www.depark.com\/wp-content\/uploads\/2025\/08\/siskon_logo_resized_600x120-1-300x60.png 300w, https:\/\/www.depark.com\/wp-content\/uploads\/2025\/08\/siskon_logo_resized_600x120-1-18x4.png 18w\" sizes=\"(max-width: 600px) 100vw, 600px\" \/>\t\t\t\t\t\t\t\t\t\t\t\t\t\t\t<\/div>\n\t\t\t\t<div class=\"elementor-element elementor-element-65443fa elementor-widget elementor-widget-heading\" data-id=\"65443fa\" data-element_type=\"widget\" data-widget_type=\"heading.default\">\n\t\t\t\t\t<h2 class=\"elementor-heading-title elementor-size-default\"><br><br><br>\nSISKON\u2019S JOURNEY IN THE DEPARK ECOSYSTEM<\/h2>\t\t\t\t<\/div>\n\t\t\t\t<div class=\"elementor-element elementor-element-e3e3569 elementor-widget elementor-widget-text-editor\" data-id=\"e3e3569\" data-element_type=\"widget\" data-widget_type=\"text-editor.default\">\n\t\t\t\t\t\t\t\t\t<p><span style=\"font-weight: 400;\">In the history of every company, there are certain decisions that mark not only a change of address but also the beginning of a new era. For us, one of those turning points began with a decision we made in 2005.<\/span><\/p><p><span style=\"font-weight: 400;\">\u00a0<\/span><\/p><p><span style=\"font-weight: 400;\">Founded in 1997, Siskon was eight years old at that time. We were no longer a startup taking its first steps, but a company that had produced solid projects and secured its place in the sector. We wanted to carry our activities in software and automation into a more systematic structure, benefit from incentives, and strengthen our sustainable growth. With this goal, we decided to move our operations to either a technopark or a free zone.<\/span><\/p><p><span style=\"font-weight: 400;\">\u00a0<\/span><\/p><p><span style=\"font-weight: 400;\">At that time, we opened our office in Teknopark \u0130zmir, which was the first and only technopark in \u0130zmir. Being one of the few companies in Turkey to have an office in a technopark was not only a matter of prestige for us but also a strategic step. This new structure offered us many opportunities for growth and innovation.<\/span><\/p><p><span style=\"font-weight: 400;\">\u00a0<\/span><\/p><p><span style=\"font-weight: 400;\">However, over time, the distant location of Teknopark \u0130zmir from the city center began to create certain challenges\u2014particularly for the daily commute of our employees and for the customer visits of our field teams. It was exactly during this period that we heard about Dokuz Eyl\u00fcl University\u2019s plans to establish its own technopark.<\/span><\/p><p><span style=\"font-weight: 400;\">\u00a0<\/span><\/p><p><span style=\"font-weight: 400;\">From the very first day of this new initiative, we chose to be part of it. We became a founding partner. We even supported the construction of the Beta Building with a \u201cbuild-operate-transfer\u201d model. With this step, we were not only moving to a more central location but also actively taking part in shaping a new technopark culture.<\/span><\/p><p><span style=\"font-weight: 400;\">The DEPARK office we moved into in 2015 was the very first workspace we designed entirely according to our needs. With its functional structure, we brought together departments such as accounting, sales, administration, and IT. Our proximity to our customers in Torbal\u0131 and the Free Zone significantly increased our effectiveness in the field. At the same time, our corporate visibility rose noticeably.<\/span><\/p><p><span style=\"font-weight: 400;\">For us, DEPARK was not just a physical address but also a point of intellectual transformation. In this ecosystem, we established new collaborations with startups, companies, and academic stakeholders. The culture of knowledge sharing and mutual support naturally became embedded in our business life.<\/span><\/p><p><span style=\"font-weight: 400;\">\u00a0<\/span><\/p><p><span style=\"font-weight: 400;\">Looking back today, we can clearly see that our step into DEPARK was not merely a relocation; it was a milestone in which Siskon expanded its vision and reinforced its long-term development strategy.<\/span><\/p><p><span style=\"font-weight: 400;\">\u00a0<\/span><\/p><p><span style=\"font-weight: 400;\">In addition, we have actively participated in all general assemblies of DEPARK Inc. so far; we have not only been a tenant but also a stakeholder who assumed responsibility with an ecosystem mindset.<\/span><\/p><p><span style=\"font-weight: 400;\">Muvaffak AMASYA<\/span><\/p><p><span style=\"font-weight: 400;\">General Manager of Siskon Software and Automation<\/span><\/p>\t\t\t\t\t\t\t\t<\/div>\n\t\t\t\t\t<\/div>\n\t\t\t\t<\/div>\n\t\t<div class=\"elementor-element elementor-element-f658290 e-flex e-con-boxed wpr-particle-no wpr-jarallax-no wpr-parallax-no wpr-sticky-section-no wpr-column-slider-no wpr-equal-height-no e-con e-parent\" data-id=\"f658290\" data-element_type=\"container\">\n\t\t\t\t\t<div class=\"e-con-inner\">\n\t\t\t\t\t<\/div>\n\t\t\t\t<\/div>\n\t\t\t\t<\/div>","protected":false},"excerpt":{"rendered":"<p>S\u0130SKON\u2019UN DEPARK EKOS\u0130STEM\u0130NDEK\u0130 YOLCULU\u011eU Her \u015firketin tarihinde baz\u0131 kararlar vard\u0131r; yaln\u0131zca bir adres de\u011fi\u015fikli\u011fi de\u011fil, ayn\u0131 zamanda yeni bir d\u00f6nemin ba\u015flang\u0131c\u0131d\u0131r. Bizim i\u00e7in bu k\u0131r\u0131lma noktalar\u0131ndan biri, 2005 y\u0131l\u0131nda verdi\u011fimiz kararla ba\u015flad\u0131. \u00a0 1997\u2019de kurulan Siskon, o g\u00fcn geldi\u011finde 8 ya\u015f\u0131ndayd\u0131. Art\u0131k ilk ad\u0131mlar\u0131n\u0131 atm\u0131\u015f bir giri\u015fim de\u011fil, sa\u011flam projeler \u00fcretmi\u015f, sekt\u00f6rdeki yerini alm\u0131\u015f bir firmayd\u0131k. Yaz\u0131l\u0131m ve otomasyon alan\u0131ndaki faaliyetlerimizi daha sistematik bir yap\u0131ya ta\u015f\u0131mak, te\u015fviklerden faydalanmak ve s\u00fcrd\u00fcr\u00fclebilir b\u00fcy\u00fcmemizi peki\u015ftirmek istiyorduk. Bu hedefle, faaliyetlerimizi bir teknoparka ya da serbest b\u00f6lgeye ta\u015f\u0131maya karar verdik. \u00a0 O d\u00f6nem \u0130zmir\u2019in ilk ve tek teknopark\u0131 olan Teknopark \u0130zmir\u2019de ofisimizi a\u00e7t\u0131k. T\u00fcrkiye genelinde teknopark ofisi bulunan say\u0131l\u0131 firmalardan biri olmak, bizim i\u00e7in sadece bir prestij de\u011fil, ayn\u0131 zamanda stratejik bir ad\u0131md\u0131. Bu yeni yap\u0131, bize geli\u015fim ve yenilik i\u00e7in pek \u00e7ok f\u0131rsat sundu. \u00a0 Ancak zamanla, Teknopark \u0130zmir\u2019in \u015fehir merkezine uzak konumu; \u00f6zellikle \u00e7al\u0131\u015fanlar\u0131m\u0131z\u0131n g\u00fcnl\u00fck ula\u015f\u0131m\u0131 ve saha ekiplerimizin m\u00fc\u015fteri ziyaretleri a\u00e7\u0131s\u0131ndan baz\u0131 zorluklar do\u011furmaya ba\u015flad\u0131. Tam da bu d\u00f6nemde, Dokuz Eyl\u00fcl \u00dcniversitesi\u2019nin kendi teknopark\u0131n\u0131 kurma planlar\u0131n\u0131 duyduk. \u00a0 Biz de bu yeni olu\u015fumun ilk g\u00fcn\u00fcnden itibaren i\u00e7inde olmay\u0131 se\u00e7tik. Kurucu ortak olduk. Hatta Beta Binas\u0131\u2019n\u0131n in\u015fas\u0131na \u2018yap, kullan, devret\u2019 modeliyle destek verdik. Bu ad\u0131mla, sadece daha merkezi bir lokasyona ge\u00e7miyor, ayn\u0131 zamanda yeni bir teknopark k\u00fclt\u00fcr\u00fcn\u00fcn \u015fekillenmesinde aktif rol al\u0131yorduk. 2015 y\u0131l\u0131nda ta\u015f\u0131nd\u0131\u011f\u0131m\u0131z DEPARK ofisimiz, s\u0131f\u0131rdan ihtiya\u00e7lar\u0131m\u0131za g\u00f6re planlad\u0131\u011f\u0131m\u0131z ilk \u00e7al\u0131\u015fma alan\u0131m\u0131z oldu. Fonksiyonel yap\u0131s\u0131yla, muhasebe, sat\u0131\u015f, idari i\u015fler, bilgi i\u015flem gibi b\u00f6l\u00fcmleri bir araya getirdik. Torbal\u0131 ve Serbest B\u00f6lge\u2019deki m\u00fc\u015fterilerimize olan yak\u0131nl\u0131\u011f\u0131m\u0131z, sahadaki etkinli\u011fimizi ciddi \u015fekilde art\u0131rd\u0131. Ayn\u0131 zamanda kurumsal g\u00f6r\u00fcn\u00fcrl\u00fc\u011f\u00fcm\u00fcz de belirgin bi\u00e7imde y\u00fckseldi. DEPARK, bizim i\u00e7in sadece fiziksel bir adres de\u011fil, zihinsel bir d\u00f6n\u00fc\u015f\u00fcm noktas\u0131yd\u0131. Bu ekosistemde tan\u0131\u015ft\u0131\u011f\u0131m\u0131z giri\u015fimler, firmalar ve akademik payda\u015flarla yeni i\u015f birlikleri kurduk. Bilgi payla\u015f\u0131m\u0131 ve kar\u015f\u0131l\u0131kl\u0131 destek k\u00fclt\u00fcr\u00fc, do\u011fal bir \u015fekilde i\u015f hayat\u0131m\u0131za yerle\u015fti. \u00a0 Bug\u00fcn geriye d\u00f6n\u00fcp bakt\u0131\u011f\u0131m\u0131zda, DEPARK\u2019a att\u0131\u011f\u0131m\u0131z ad\u0131m\u0131n sadece bir yer de\u011fi\u015fikli\u011fi de\u011fil; Siskon\u2019un vizyonunu daha da b\u00fcy\u00fctt\u00fc\u011f\u00fc, uzun vadeli geli\u015fim stratejisinde \u00f6nemli bir d\u00f6n\u00fcm noktas\u0131 oldu\u011funu net bi\u00e7imde g\u00f6r\u00fcyoruz. \u00a0 Ayr\u0131ca, DEPARK A.\u015e.\u2019nin \u015fimdiye kadar yap\u0131lan t\u00fcm genel kurullar\u0131nda aktif olarak yer ald\u0131k; yaln\u0131zca kirac\u0131 de\u011fil, ayn\u0131 zamanda ekosistem bilinciyle sorumluluk \u00fcstlenen bir payda\u015f olduk. Muvaffak AMASYA Siskon Yaz\u0131l\u0131m ve Otomasyon Genel M\u00fcd\u00fcr\u00fc<\/p>","protected":false},"author":2,"featured_media":6009,"comment_status":"closed","ping_status":"open","sticky":false,"template":"elementor_header_footer","format":"standard","meta":{"_acf_changed":false,"pagelayer_contact_templates":[],"_pagelayer_content":"","_monsterinsights_skip_tracking":false,"footnotes":""},"categories":[68],"tags":[],"class_list":["post-5942","post","type-post","status-publish","format-standard","has-post-thumbnail","hentry","category-teknosapiens-blog"],"acf":[],"_links":{"self":[{"href":"https:\/\/www.depark.com\/en\/wp-json\/wp\/v2\/posts\/5942","targetHints":{"allow":["GET"]}}],"collection":[{"href":"https:\/\/www.depark.com\/en\/wp-json\/wp\/v2\/posts"}],"about":[{"href":"https:\/\/www.depark.com\/en\/wp-json\/wp\/v2\/types\/post"}],"author":[{"embeddable":true,"href":"https:\/\/www.depark.com\/en\/wp-json\/wp\/v2\/users\/2"}],"replies":[{"embeddable":true,"href":"https:\/\/www.depark.com\/en\/wp-json\/wp\/v2\/comments?post=5942"}],"version-history":[{"count":25,"href":"https:\/\/www.depark.com\/en\/wp-json\/wp\/v2\/posts\/5942\/revisions"}],"predecessor-version":[{"id":8860,"href":"https:\/\/www.depark.com\/en\/wp-json\/wp\/v2\/posts\/5942\/revisions\/8860"}],"wp:featuredmedia":[{"embeddable":true,"href":"https:\/\/www.depark.com\/en\/wp-json\/wp\/v2\/media\/6009"}],"wp:attachment":[{"href":"https:\/\/www.depark.com\/en\/wp-json\/wp\/v2\/media?parent=5942"}],"wp:term":[{"taxonomy":"category","embeddable":true,"href":"https:\/\/www.depark.com\/en\/wp-json\/wp\/v2\/categories?post=5942"},{"taxonomy":"post_tag","embeddable":true,"href":"https:\/\/www.depark.com\/en\/wp-json\/wp\/v2\/tags?post=5942"}],"curies":[{"name":"wp","href":"https:\/\/api.w.org\/{rel}","templated":true}]}}